{"id":13332,"date":"2024-10-09T14:52:19","date_gmt":"2024-10-09T12:52:19","guid":{"rendered":"https:\/\/www.infopro-digital-media.fr\/interview-dexpert-generer-des-leads-b2b-grace-aux-contenus-sur-les-reseaux-sociaux-mode-demploi\/"},"modified":"2024-10-18T14:39:07","modified_gmt":"2024-10-18T12:39:07","slug":"expert-interview-generating-b2b-leads-through-social-media-content-a-practical-guide","status":"publish","type":"post","link":"https:\/\/www.infopro-digital-media.fr\/en\/expert-interview-generating-b2b-leads-through-social-media-content-a-practical-guide\/","title":{"rendered":"Expert Interview \u2013 How to Generate B2B Leads Through Social Media Content: A Practical Guide"},"content":{"rendered":"\n<div class=\"wp-block-columns are-vertically-aligned-center is-layout-flex wp-container-5 wp-block-columns-is-layout-flex\">\n<div class=\"wp-block-column is-vertically-aligned-center is-layout-flow wp-block-column-is-layout-flow\">\n<p>How can you maximize the generation of qualified B2B leads on social media? To delve into this complex topic, we spoke with <a href=\"https:\/\/www.linkedin.com\/in\/jerome-droin-18024a32\/?originalSubdomain=fr\"><mark style=\"background-color:rgba(0, 0, 0, 0)\" class=\"has-inline-color has-bleu-color\">J\u00e9r\u00f4me Droin<\/mark><\/a>, Sales Director for Data Solutions and LeadGen at Infopro Digital Media.<\/p>\n\n\n\n<p><strong>On the menu:<\/strong> the types and formats of content that outperform, targeting cold and warm audiences, optimising CTAs, the most effective analytical tools, best practices, etc. Let&#8217;s get started!<\/p>\n<\/div>\n\n\n\n<div class=\"wp-block-column is-vertically-aligned-center is-layout-flow wp-block-column-is-layout-flow\">\n<figure class=\"wp-block-gallery aligncenter has-nested-images columns-default is-cropped wp-block-gallery-2 is-layout-flex wp-block-gallery-is-layout-flex\">\n<figure class=\"wp-block-image size-full is-style-rounded\"><img decoding=\"async\" width=\"621\" height=\"621\" src=\"https:\/\/www.infopro-digital-media.fr\/app\/uploads\/2024\/10\/photo_jerome_droin.png\" alt=\"\" class=\"wp-image-13258\" title=\"Sp\u00e9cialiste g\u00e9n\u00e9ration de leads sur les r\u00e9seaux sociaux\" srcset=\"https:\/\/www.infopro-digital-media.fr\/app\/uploads\/2024\/10\/photo_jerome_droin.png 621w, https:\/\/www.infopro-digital-media.fr\/app\/uploads\/2024\/10\/photo_jerome_droin-300x300.png 300w, https:\/\/www.infopro-digital-media.fr\/app\/uploads\/2024\/10\/photo_jerome_droin-150x150.png 150w, https:\/\/www.infopro-digital-media.fr\/app\/uploads\/2024\/10\/photo_jerome_droin-450x450.png 450w\" sizes=\"(max-width: 621px) 100vw, 621px\" \/><\/figure>\n<\/figure>\n<\/div>\n<\/div>\n\n\n\n<hr class=\"wp-block-separator has-alpha-channel-opacity\"\/>\n\n\n\n<h2 class=\"wp-block-heading has-large-font-size\" id=\"h-what-types-of-content-work-best-for-generating-b2b-leads-on-social-media\">What types of content work best for generating B2B leads on social media?<\/h2>\n\n\n\n<p><strong>Primarily, content that provides added value and moves away from a purely commercial approach: guides, white papers, webinars, case studies, benchmarks, videos, etc.<\/strong><\/p>\n\n\n\n<p>It\u2019s essential to choose the right format based on where the target audience is in their buyer journey.<\/p>\n\n\n\n<div class=\"wp-block-columns is-layout-flex wp-container-8 wp-block-columns-is-layout-flex\">\n<div class=\"wp-block-column is-vertically-aligned-center is-layout-flow wp-block-column-is-layout-flow\" style=\"flex-basis:40%\">\n<figure class=\"wp-block-image size-full\"><img decoding=\"async\" width=\"500\" height=\"300\" src=\"https:\/\/www.infopro-digital-media.fr\/app\/uploads\/2024\/10\/AdobeStock_437776766_business_case_500_300.jpg\" alt=\"\" class=\"wp-image-13300\" srcset=\"https:\/\/www.infopro-digital-media.fr\/app\/uploads\/2024\/10\/AdobeStock_437776766_business_case_500_300.jpg 500w, https:\/\/www.infopro-digital-media.fr\/app\/uploads\/2024\/10\/AdobeStock_437776766_business_case_500_300-300x180.jpg 300w\" sizes=\"(max-width: 500px) 100vw, 500px\" \/><\/figure>\n<\/div>\n\n\n\n<div class=\"wp-block-column is-layout-flow wp-block-column-is-layout-flow\" style=\"flex-basis:60%\">\n<ul>\n<li><strong>White papers and webinars reach relatively broad audiences, <\/strong>especially in the discovery phase.<\/li>\n\n\n\n<li><strong>\u201cGuide\u201d formats are perfect for engaging prospects <\/strong>in the consideration or decision-making phase.<\/li>\n\n\n\n<li><strong>Case studies are reassurance content, <\/strong>primarily targeting prospects at the end of the buyer&#8217;s journey. At this stage, they\u2019ve already identified their need, compared different solutions, and are close to making a final choice.<\/li>\n<\/ul>\n<\/div>\n<\/div>\n\n\n\n<p>In reality, it\u2019s not so much the type of content that matters, but rather <strong>the appeal of the topic and the chosen angle.<\/strong> Do we have unique data to present? Are we showcasing a new way of doing things? Offering an original perspective on a common topic? Are we addressing a real, current issue? These are the key considerations.<\/p>\n\n\n\n<p>Beyond the content itself (the Lead Magnet), there\u2019s also the factor of the <strong>issuer&#8217;s brand awareness,<\/strong> as well as the<strong> format of the post<\/strong> promoting the content on social media. Animated formats (videos) and carousels yield excellent results, accompanied by a short teaser text of fewer than 200 characters.<\/p>\n\n\n\n<p>Lastly, I would highlight the importance of <strong>exposure frequency,<\/strong> or message repetition, at the right time. Typically, a <strong>maximum of 5 exposures<\/strong> is recommended.<\/p>\n\n\n\n<h2 class=\"wp-block-heading has-large-font-size\" id=\"h-based-on-your-experience-what-are-the-best-practices-for-turning-interest-in-content-on-social-media-into-a-qualified-lead\"><strong>Based on your experience, what are the best practices for turning interest in content on social media into a qualified lead?<\/strong><\/h2>\n\n\n\n<p>First, it\u2019s important to clarify what we mean by a &#8220;qualified lead.&#8221; Are we referring to a lead that meets the client\u2019s targeting criteria? Or are we talking about qualifying the level of interest\u2014where the lead has a concrete project, not just a &#8220;curious&#8221; internet user?<\/p>\n\n\n\n<p>If it\u2019s the first case, everything depends on the precision of your targeting. In the second case, you\u2019ll need to go further in qualifying the lead through &#8220;qualifying&#8221; questions, but these should remain optional in my view. <strong>The <\/strong>c<strong>ompletion rate of forms tends to drop<\/strong> as the number of fields to fill out increases.<\/p>\n\n\n\n<p>Pre-filled and integrated forms are a good solution to maximize conversion:<\/p>\n\n\n\n<div class=\"wp-block-columns is-layout-flex wp-container-11 wp-block-columns-is-layout-flex\">\n<div class=\"wp-block-column is-vertically-aligned-center is-layout-flow wp-block-column-is-layout-flow\" style=\"flex-basis:40%\">\n<figure class=\"wp-block-image size-full\"><img decoding=\"async\" width=\"500\" height=\"300\" src=\"https:\/\/www.infopro-digital-media.fr\/app\/uploads\/2024\/10\/AdobeStock_439955097_lead_300_500.jpg\" alt=\"\" class=\"wp-image-13313\" srcset=\"https:\/\/www.infopro-digital-media.fr\/app\/uploads\/2024\/10\/AdobeStock_439955097_lead_300_500.jpg 500w, https:\/\/www.infopro-digital-media.fr\/app\/uploads\/2024\/10\/AdobeStock_439955097_lead_300_500-300x180.jpg 300w\" sizes=\"(max-width: 500px) 100vw, 500px\" \/><\/figure>\n<\/div>\n\n\n\n<div class=\"wp-block-column is-layout-flow wp-block-column-is-layout-flow\" style=\"flex-basis:60%\">\n<ul>\n<li><strong>A considerable time saver for prospects. <\/strong>The loading time is minimal, and there\u2019s no redirection since the form opens directly within the interface.<\/li>\n\n\n\n<li><strong>The user rarely leaves the application. <\/strong>Since prospects are often on mobile, it\u2019s much easier for them not to switch pages or manually fill in their contact details.<\/li>\n\n\n\n<li><strong>The costs are also lower <\/strong>compared to conversion campaigns run from the website.<\/li>\n<\/ul>\n<\/div>\n<\/div>\n\n\n\n<h2 class=\"wp-block-heading has-large-font-size\" id=\"h-is-there-a-campaign-structure-that-works-better-than-others-on-social-media\"><strong>Is there a campaign structure that works better than others on social media?<\/strong><\/h2>\n\n\n\n<p>There isn\u2019t a predefined campaign structure. You always need to test to optimize what works best, as several scenarios are possible: different creatives (image, carousel, video), different audience targeting (warm, cold), external or integrated forms, etc.<\/p>\n\n\n\n<p>Continuous performance monitoring is key to identifying the winning formula.<strong> I recommend conducting A\/B\/C\/D testing<\/strong> to find the best approach for the specific theme and target audience.<\/p>\n\n\n\n<h2 class=\"wp-block-heading has-large-font-size\" id=\"h-how-can-you-target-an-audience-on-social-media-that-is-aligned-with-the-shared-content-to-generate-qualified-leads\"><strong>How can you target an audience on social media that is aligned with the shared content to generate qualified leads?<\/strong><\/h2>\n\n\n\n<p>Here, it\u2019s important to distinguish between warm audiences and cold audiences.<\/p>\n\n\n\n<div class=\"wp-block-columns is-layout-flex wp-container-14 wp-block-columns-is-layout-flex\">\n<div class=\"wp-block-column is-vertically-aligned-center is-layout-flow wp-block-column-is-layout-flow\" style=\"flex-basis:5%\">\n<figure class=\"wp-block-image size-large is-resized\"><img decoding=\"async\" src=\"https:\/\/www.infopro-digital-media.fr\/app\/uploads\/2024\/09\/AdobeStock_571103156_puce_bleue-8-1024x925.png\" alt=\"\" class=\"wp-image-13110\" width=\"42\" height=\"37\" srcset=\"https:\/\/www.infopro-digital-media.fr\/app\/uploads\/2024\/09\/AdobeStock_571103156_puce_bleue-8-1024x925.png 1024w, https:\/\/www.infopro-digital-media.fr\/app\/uploads\/2024\/09\/AdobeStock_571103156_puce_bleue-8-300x271.png 300w, https:\/\/www.infopro-digital-media.fr\/app\/uploads\/2024\/09\/AdobeStock_571103156_puce_bleue-8-768x694.png 768w, https:\/\/www.infopro-digital-media.fr\/app\/uploads\/2024\/09\/AdobeStock_571103156_puce_bleue-8-1536x1388.png 1536w, https:\/\/www.infopro-digital-media.fr\/app\/uploads\/2024\/09\/AdobeStock_571103156_puce_bleue-8-2048x1850.png 2048w\" sizes=\"(max-width: 42px) 100vw, 42px\" \/><\/figure>\n<\/div>\n\n\n\n<div class=\"wp-block-column is-layout-flow wp-block-column-is-layout-flow\">\n<p><strong><mark style=\"background-color:rgba(0, 0, 0, 0)\" class=\"has-inline-color has-bleu-clair-color\">Cold audiences <\/mark><\/strong><mark style=\"background-color:rgba(0, 0, 0, 0)\" class=\"has-inline-color has-gris-color\">are individuals who have not yet directly interacted with the brand or its content but match its target profile:<\/mark><\/p>\n<\/div>\n<\/div>\n\n\n\n<div class=\"wp-block-columns is-layout-flex wp-container-17 wp-block-columns-is-layout-flex\">\n<div class=\"wp-block-column is-vertically-aligned-center is-layout-flow wp-block-column-is-layout-flow\" style=\"flex-basis:5%\"><\/div>\n\n\n\n<div class=\"wp-block-column is-layout-flow wp-block-column-is-layout-flow\">\n<ul>\n<li><strong><strong>Audience Expansion or Interest-Based Audience:<\/strong> <\/strong>These are individuals who have already interacted with content related to the themes of the site and\/or work in the field. Targeting here is based on \u201cjob title,\u201d industry, and interests.<\/li>\n\n\n\n<li><strong><strong>Lookalike Audiences:<\/strong> <\/strong>These are profiles that closely resemble converted users (via the import of proprietary data), similar to the site\u2019s visitors, and individuals who have interacted with the content on Facebook or Instagram pages.<\/li>\n<\/ul>\n<\/div>\n<\/div>\n\n\n\n<div class=\"wp-block-columns is-layout-flex wp-container-20 wp-block-columns-is-layout-flex\">\n<div class=\"wp-block-column is-vertically-aligned-center is-layout-flow wp-block-column-is-layout-flow\" style=\"flex-basis:5%\">\n<figure class=\"wp-block-image size-large is-resized\"><img decoding=\"async\" src=\"https:\/\/www.infopro-digital-media.fr\/app\/uploads\/2024\/09\/AdobeStock_571103156_puce_bleue-8-1024x925.png\" alt=\"\" class=\"wp-image-13110\" width=\"42\" height=\"37\" srcset=\"https:\/\/www.infopro-digital-media.fr\/app\/uploads\/2024\/09\/AdobeStock_571103156_puce_bleue-8-1024x925.png 1024w, https:\/\/www.infopro-digital-media.fr\/app\/uploads\/2024\/09\/AdobeStock_571103156_puce_bleue-8-300x271.png 300w, https:\/\/www.infopro-digital-media.fr\/app\/uploads\/2024\/09\/AdobeStock_571103156_puce_bleue-8-768x694.png 768w, https:\/\/www.infopro-digital-media.fr\/app\/uploads\/2024\/09\/AdobeStock_571103156_puce_bleue-8-1536x1388.png 1536w, https:\/\/www.infopro-digital-media.fr\/app\/uploads\/2024\/09\/AdobeStock_571103156_puce_bleue-8-2048x1850.png 2048w\" sizes=\"(max-width: 42px) 100vw, 42px\" \/><\/figure>\n<\/div>\n\n\n\n<div class=\"wp-block-column is-layout-flow wp-block-column-is-layout-flow\">\n<p><mark style=\"background-color:rgba(0, 0, 0, 0)\" class=\"has-inline-color has-bleu-clair-color\"><strong>Warm audience<\/strong><\/mark> consists of individuals who have already shown interest in the brand through previous interactions, whether on the website, social media, or other touchpoints. For these audiences, the targeting strategy relies on three main data sources:<\/p>\n<\/div>\n<\/div>\n\n\n\n<div class=\"wp-block-columns is-layout-flex wp-container-23 wp-block-columns-is-layout-flex\">\n<div class=\"wp-block-column is-vertically-aligned-center is-layout-flow wp-block-column-is-layout-flow\" style=\"flex-basis:5%\"><\/div>\n\n\n\n<div class=\"wp-block-column is-layout-flow wp-block-column-is-layout-flow\">\n<ul>\n<li><strong><strong>Retargeting website visitors:<\/strong> <\/strong>This is made possible by installing a pixel on the website. This small JavaScript code embedded in the site\u2019s source code collects information about users\u2019 behaviour while browsing.<\/li>\n\n\n\n<li><strong>Targeting users who Interact with the brand&#8217;s content:<\/strong> This includes individuals who have engaged with the brand\u2019s page or account on various social media platforms.<\/li>\n\n\n\n<li><strong><strong>Integration of a proprietary database:<\/strong> <\/strong>This allows for the direct targeting of already identified &#8220;warm&#8221; prospects.<\/li>\n<\/ul>\n<\/div>\n<\/div>\n\n\n\n<p>This combined approach allows for the creation of precise audience segments based on different levels of engagement with the brand, whether on the website, social media, or through prior interactions. By utilizing this data, it becomes possible to deliver personalized and relevant messages to each segment, significantly enhancing the chances of conversion.<\/p>\n\n\n\n<p class=\"has-white-color has-indigo-background-color has-text-color has-background\">\ud83d\udca1<strong>Good to know<\/strong><br>At Infopro Digital, we can <em>retarget <\/em>the audience of a media site (sector-specific retargeting) or the audience of a specific theme across multiple media sites (thematic retargeting). Additionally, we can import our proprietary data for precise target matching. Subsequently, we can broaden our reach with audience extensions and lookalike audiences. We recommend utilizing all possible targeting techniques and then optimizing based on performance.<\/p>\n\n\n\n<h2 class=\"wp-block-heading has-large-font-size\" id=\"h-what-is-the-importance-of-calls-to-action-ctas-in-social-media-content-and-how-do-you-optimize-them-to-generate-leads\">What is the importance of calls to action (CTAs) in social media content, and how do you optimize them to generate leads?<\/h2>\n\n\n\n<p>Calls to action (CTAs) transform users&#8217; interests into concrete actions, such as signing up for a newsletter or downloading a guide. They serve as a bridge between simple engagement and conversion into a qualified lead. A well-placed and well-designed CTA can significantly increase conversion rates by encouraging users to take that additional step.<\/p>\n\n\n\n<p><strong>Focus on CTAs that emphasize immediate value. <\/strong>For example, <em>\u201cDownload our guide to increase your productivity by 30%\u201d<\/em> is more effective than \u201cLearn more.\u201d Use action verbs related to business goals: \u201cOptimize,\u201d \u201cReduce costs,\u201d \u201cBoost your sales,\u201d etc. Also, test CTAs that leverage social proof, such as \u201cJoin the 500 CEOs who have already downloaded this white paper\u201d<\/p>\n\n\n\n<p>To measure the effectiveness of a CTA, concentrate on its conversion rate, which is the number of clicks or specific actions generated compared to the total impressions of the post.<\/p>\n\n\n\n<h2 class=\"wp-block-heading has-large-font-size\" id=\"h-what-tools-and-platforms-do-you-recommend-for-tracking-and-optimizing-leadgen-s-performance-of-content\">What tools and platforms do you recommend for tracking and optimizing LeadGen&#8217;s performance of content?<\/h2>\n\n\n\n<div class=\"wp-block-columns is-layout-flex wp-container-26 wp-block-columns-is-layout-flex\">\n<div class=\"wp-block-column is-vertically-aligned-center is-layout-flow wp-block-column-is-layout-flow\" style=\"flex-basis:5%\">\n<figure class=\"wp-block-image size-large is-resized\"><img decoding=\"async\" src=\"https:\/\/www.infopro-digital-media.fr\/app\/uploads\/2024\/09\/AdobeStock_571103156_puce_bleue-8-1024x925.png\" alt=\"\" class=\"wp-image-13110\" width=\"42\" height=\"37\" srcset=\"https:\/\/www.infopro-digital-media.fr\/app\/uploads\/2024\/09\/AdobeStock_571103156_puce_bleue-8-1024x925.png 1024w, https:\/\/www.infopro-digital-media.fr\/app\/uploads\/2024\/09\/AdobeStock_571103156_puce_bleue-8-300x271.png 300w, https:\/\/www.infopro-digital-media.fr\/app\/uploads\/2024\/09\/AdobeStock_571103156_puce_bleue-8-768x694.png 768w, https:\/\/www.infopro-digital-media.fr\/app\/uploads\/2024\/09\/AdobeStock_571103156_puce_bleue-8-1536x1388.png 1536w, https:\/\/www.infopro-digital-media.fr\/app\/uploads\/2024\/09\/AdobeStock_571103156_puce_bleue-8-2048x1850.png 2048w\" sizes=\"(max-width: 42px) 100vw, 42px\" \/><\/figure>\n<\/div>\n\n\n\n<div class=\"wp-block-column is-layout-flow wp-block-column-is-layout-flow\">\n<p><strong>Google Analytics:<\/strong> This tool helps track visitor journeys on the website, identify the most effective traffic sources, and measure conversions. This allows for an evaluation of the effectiveness of content in generating leads.<\/p>\n<\/div>\n<\/div>\n\n\n\n<div class=\"wp-block-columns is-layout-flex wp-container-29 wp-block-columns-is-layout-flex\">\n<div class=\"wp-block-column is-vertically-aligned-center is-layout-flow wp-block-column-is-layout-flow\" style=\"flex-basis:5%\">\n<figure class=\"wp-block-image size-large is-resized\"><img decoding=\"async\" src=\"https:\/\/www.infopro-digital-media.fr\/app\/uploads\/2024\/09\/AdobeStock_571103156_puce_bleue-8-1024x925.png\" alt=\"\" class=\"wp-image-13110\" width=\"42\" height=\"37\" srcset=\"https:\/\/www.infopro-digital-media.fr\/app\/uploads\/2024\/09\/AdobeStock_571103156_puce_bleue-8-1024x925.png 1024w, https:\/\/www.infopro-digital-media.fr\/app\/uploads\/2024\/09\/AdobeStock_571103156_puce_bleue-8-300x271.png 300w, https:\/\/www.infopro-digital-media.fr\/app\/uploads\/2024\/09\/AdobeStock_571103156_puce_bleue-8-768x694.png 768w, https:\/\/www.infopro-digital-media.fr\/app\/uploads\/2024\/09\/AdobeStock_571103156_puce_bleue-8-1536x1388.png 1536w, https:\/\/www.infopro-digital-media.fr\/app\/uploads\/2024\/09\/AdobeStock_571103156_puce_bleue-8-2048x1850.png 2048w\" sizes=\"(max-width: 42px) 100vw, 42px\" \/><\/figure>\n<\/div>\n\n\n\n<div class=\"wp-block-column is-layout-flow wp-block-column-is-layout-flow\">\n<p><strong>Google Tag Manager: <\/strong>This platform enables the implementation and management of tracking tags without modifying the site\u2019s code. It ensures precise tracking of user interactions and conversions related to the content.<\/p>\n<\/div>\n<\/div>\n\n\n\n<div class=\"wp-block-columns is-layout-flex wp-container-32 wp-block-columns-is-layout-flex\">\n<div class=\"wp-block-column is-vertically-aligned-center is-layout-flow wp-block-column-is-layout-flow\" style=\"flex-basis:5%\">\n<figure class=\"wp-block-image size-large is-resized\"><img decoding=\"async\" src=\"https:\/\/www.infopro-digital-media.fr\/app\/uploads\/2024\/09\/AdobeStock_571103156_puce_bleue-8-1024x925.png\" alt=\"\" class=\"wp-image-13110\" width=\"42\" height=\"37\" srcset=\"https:\/\/www.infopro-digital-media.fr\/app\/uploads\/2024\/09\/AdobeStock_571103156_puce_bleue-8-1024x925.png 1024w, https:\/\/www.infopro-digital-media.fr\/app\/uploads\/2024\/09\/AdobeStock_571103156_puce_bleue-8-300x271.png 300w, https:\/\/www.infopro-digital-media.fr\/app\/uploads\/2024\/09\/AdobeStock_571103156_puce_bleue-8-768x694.png 768w, https:\/\/www.infopro-digital-media.fr\/app\/uploads\/2024\/09\/AdobeStock_571103156_puce_bleue-8-1536x1388.png 1536w, https:\/\/www.infopro-digital-media.fr\/app\/uploads\/2024\/09\/AdobeStock_571103156_puce_bleue-8-2048x1850.png 2048w\" sizes=\"(max-width: 42px) 100vw, 42px\" \/><\/figure>\n<\/div>\n\n\n\n<div class=\"wp-block-column is-layout-flow wp-block-column-is-layout-flow\">\n<p><strong>Meta Business Suite: <\/strong>This tool analyzes performance on Facebook and Instagram. It measures content engagement and the effectiveness of advertising campaigns in generating leads.<\/p>\n<\/div>\n<\/div>\n\n\n\n<div class=\"wp-block-columns is-layout-flex wp-container-35 wp-block-columns-is-layout-flex\">\n<div class=\"wp-block-column is-vertically-aligned-center is-layout-flow wp-block-column-is-layout-flow\" style=\"flex-basis:5%\">\n<figure class=\"wp-block-image size-large is-resized\"><img decoding=\"async\" src=\"https:\/\/www.infopro-digital-media.fr\/app\/uploads\/2024\/09\/AdobeStock_571103156_puce_bleue-8-1024x925.png\" alt=\"\" class=\"wp-image-13110\" width=\"42\" height=\"37\" srcset=\"https:\/\/www.infopro-digital-media.fr\/app\/uploads\/2024\/09\/AdobeStock_571103156_puce_bleue-8-1024x925.png 1024w, https:\/\/www.infopro-digital-media.fr\/app\/uploads\/2024\/09\/AdobeStock_571103156_puce_bleue-8-300x271.png 300w, https:\/\/www.infopro-digital-media.fr\/app\/uploads\/2024\/09\/AdobeStock_571103156_puce_bleue-8-768x694.png 768w, https:\/\/www.infopro-digital-media.fr\/app\/uploads\/2024\/09\/AdobeStock_571103156_puce_bleue-8-1536x1388.png 1536w, https:\/\/www.infopro-digital-media.fr\/app\/uploads\/2024\/09\/AdobeStock_571103156_puce_bleue-8-2048x1850.png 2048w\" sizes=\"(max-width: 42px) 100vw, 42px\" \/><\/figure>\n<\/div>\n\n\n\n<div class=\"wp-block-column is-layout-flow wp-block-column-is-layout-flow\">\n<p><strong>LinkedIn Campaign Manager: <\/strong>This platform helps optimize LinkedIn campaigns. It provides insights into the performance of both sponsored and organic content in B2B, allowing for adjustments to LeadGen strategies.<\/p>\n<\/div>\n<\/div>\n\n\n\n<div class=\"wp-block-columns is-layout-flex wp-container-38 wp-block-columns-is-layout-flex\">\n<div class=\"wp-block-column is-vertically-aligned-center is-layout-flow wp-block-column-is-layout-flow\" style=\"flex-basis:5%\">\n<figure class=\"wp-block-image size-large is-resized\"><img decoding=\"async\" src=\"https:\/\/www.infopro-digital-media.fr\/app\/uploads\/2024\/09\/AdobeStock_571103156_puce_bleue-8-1024x925.png\" alt=\"\" class=\"wp-image-13110\" width=\"42\" height=\"37\" srcset=\"https:\/\/www.infopro-digital-media.fr\/app\/uploads\/2024\/09\/AdobeStock_571103156_puce_bleue-8-1024x925.png 1024w, https:\/\/www.infopro-digital-media.fr\/app\/uploads\/2024\/09\/AdobeStock_571103156_puce_bleue-8-300x271.png 300w, https:\/\/www.infopro-digital-media.fr\/app\/uploads\/2024\/09\/AdobeStock_571103156_puce_bleue-8-768x694.png 768w, https:\/\/www.infopro-digital-media.fr\/app\/uploads\/2024\/09\/AdobeStock_571103156_puce_bleue-8-1536x1388.png 1536w, https:\/\/www.infopro-digital-media.fr\/app\/uploads\/2024\/09\/AdobeStock_571103156_puce_bleue-8-2048x1850.png 2048w\" sizes=\"(max-width: 42px) 100vw, 42px\" \/><\/figure>\n<\/div>\n\n\n\n<div class=\"wp-block-column is-layout-flow wp-block-column-is-layout-flow\">\n<p><strong>Datorama<\/strong> <strong>(Salesforce):<\/strong> This tool centralizes marketing data from various sources. It provides a comprehensive view of LeadGen&#8217;s performance across all channels, facilitating content strategy optimization.<\/p>\n<\/div>\n<\/div>\n\n\n\n<div class=\"wp-block-columns is-layout-flex wp-container-41 wp-block-columns-is-layout-flex\">\n<div class=\"wp-block-column is-vertically-aligned-center is-layout-flow wp-block-column-is-layout-flow\" style=\"flex-basis:5%\">\n<figure class=\"wp-block-image size-large is-resized\"><img decoding=\"async\" src=\"https:\/\/www.infopro-digital-media.fr\/app\/uploads\/2024\/09\/AdobeStock_571103156_puce_bleue-8-1024x925.png\" alt=\"\" class=\"wp-image-13110\" width=\"42\" height=\"37\" srcset=\"https:\/\/www.infopro-digital-media.fr\/app\/uploads\/2024\/09\/AdobeStock_571103156_puce_bleue-8-1024x925.png 1024w, https:\/\/www.infopro-digital-media.fr\/app\/uploads\/2024\/09\/AdobeStock_571103156_puce_bleue-8-300x271.png 300w, https:\/\/www.infopro-digital-media.fr\/app\/uploads\/2024\/09\/AdobeStock_571103156_puce_bleue-8-768x694.png 768w, https:\/\/www.infopro-digital-media.fr\/app\/uploads\/2024\/09\/AdobeStock_571103156_puce_bleue-8-1536x1388.png 1536w, https:\/\/www.infopro-digital-media.fr\/app\/uploads\/2024\/09\/AdobeStock_571103156_puce_bleue-8-2048x1850.png 2048w\" sizes=\"(max-width: 42px) 100vw, 42px\" \/><\/figure>\n<\/div>\n\n\n\n<div class=\"wp-block-column is-layout-flow wp-block-column-is-layout-flow\">\n<p><strong>Piano Analytics:<\/strong> This platform analyzes user behaviour and personalizes content. It optimizes the on-site experience to maximize conversions and improve the quality of leads generated.<\/p>\n<\/div>\n<\/div>\n","protected":false},"excerpt":{"rendered":"<p>How can you maximize the generation of qualified B2B leads on social media? To delve [&hellip;]<\/p>\n","protected":false},"author":28,"featured_media":13291,"comment_status":"closed","ping_status":"closed","sticky":false,"template":"","format":"standard","meta":{"inline_featured_image":false,"footnotes":""},"categories":[93],"tags":[],"thematique":[187],"acf":[],"yoast_head":"<!-- This site is optimized with the Yoast SEO Premium plugin v19.5 (Yoast SEO v19.10) - https:\/\/yoast.com\/wordpress\/plugins\/seo\/ -->\n<title>Generating B2B leads through social media content - Expert Interview<\/title>\n<meta name=\"description\" content=\"Maximize qualified lead generation on social networks: content type and format, targeting, CTAs... best practices.\" \/>\n<meta name=\"robots\" content=\"index, follow, max-snippet:-1, max-image-preview:large, max-video-preview:-1\" \/>\n<link rel=\"canonical\" href=\"https:\/\/www.infopro-digital-media.fr\/en\/expert-interview-generating-b2b-leads-through-social-media-content-a-practical-guide\/\" \/>\n<meta property=\"og:locale\" content=\"en_US\" \/>\n<meta property=\"og:type\" content=\"article\" \/>\n<meta property=\"og:title\" content=\"Expert Interview \u2013 How to Generate B2B Leads Through Social Media Content: A Practical Guide\" \/>\n<meta property=\"og:description\" content=\"Maximize qualified lead generation on social networks: content type and format, targeting, CTAs... best practices.\" \/>\n<meta property=\"og:url\" content=\"https:\/\/www.infopro-digital-media.fr\/en\/expert-interview-generating-b2b-leads-through-social-media-content-a-practical-guide\/\" \/>\n<meta property=\"og:site_name\" content=\"Infopro Digital Media\" \/>\n<meta property=\"article:publisher\" content=\"https:\/\/fr-fr.facebook.com\/infoprodigital\/\" \/>\n<meta property=\"article:published_time\" content=\"2024-10-09T12:52:19+00:00\" \/>\n<meta property=\"article:modified_time\" content=\"2024-10-18T12:39:07+00:00\" \/>\n<meta property=\"og:image\" content=\"https:\/\/www.infopro-digital-media.fr\/app\/uploads\/2024\/10\/mea_interview_jerome.png\" \/>\n\t<meta property=\"og:image:width\" content=\"500\" \/>\n\t<meta property=\"og:image:height\" content=\"500\" \/>\n\t<meta property=\"og:image:type\" content=\"image\/png\" \/>\n<meta name=\"author\" content=\"laramaffert\" \/>\n<meta name=\"twitter:card\" content=\"summary_large_image\" \/>\n<script type=\"application\/ld+json\" class=\"yoast-schema-graph\">{\"@context\":\"https:\/\/schema.org\",\"@graph\":[{\"@type\":\"WebPage\",\"@id\":\"https:\/\/www.infopro-digital-media.fr\/en\/expert-interview-generating-b2b-leads-through-social-media-content-a-practical-guide\/\",\"url\":\"https:\/\/www.infopro-digital-media.fr\/en\/expert-interview-generating-b2b-leads-through-social-media-content-a-practical-guide\/\",\"name\":\"Generating B2B leads through social media content - Expert Interview\",\"isPartOf\":{\"@id\":\"https:\/\/www.infopro-digital-media.fr\/en\/#website\"},\"datePublished\":\"2024-10-09T12:52:19+00:00\",\"dateModified\":\"2024-10-18T12:39:07+00:00\",\"author\":{\"@id\":\"https:\/\/www.infopro-digital-media.fr\/en\/#\/schema\/person\/457a8cd6bba2117b4096ffe312b9879f\"},\"description\":\"Maximize qualified lead generation on social networks: content type and format, targeting, CTAs... best practices.\",\"breadcrumb\":{\"@id\":\"https:\/\/www.infopro-digital-media.fr\/en\/expert-interview-generating-b2b-leads-through-social-media-content-a-practical-guide\/#breadcrumb\"},\"inLanguage\":\"en-US\",\"potentialAction\":[{\"@type\":\"ReadAction\",\"target\":[\"https:\/\/www.infopro-digital-media.fr\/en\/expert-interview-generating-b2b-leads-through-social-media-content-a-practical-guide\/\"]}]},{\"@type\":\"BreadcrumbList\",\"@id\":\"https:\/\/www.infopro-digital-media.fr\/en\/expert-interview-generating-b2b-leads-through-social-media-content-a-practical-guide\/#breadcrumb\",\"itemListElement\":[{\"@type\":\"ListItem\",\"position\":1,\"name\":\"Home\",\"item\":\"https:\/\/www.infopro-digital-media.fr\/en\/\"},{\"@type\":\"ListItem\",\"position\":2,\"name\":\"Expert Interview \u2013 How to Generate B2B Leads Through Social Media Content: A Practical Guide\"}]},{\"@type\":\"WebSite\",\"@id\":\"https:\/\/www.infopro-digital-media.fr\/en\/#website\",\"url\":\"https:\/\/www.infopro-digital-media.fr\/en\/\",\"name\":\"Infopro Digital Media\",\"description\":\"The leading French media brand to boost your image\",\"potentialAction\":[{\"@type\":\"SearchAction\",\"target\":{\"@type\":\"EntryPoint\",\"urlTemplate\":\"https:\/\/www.infopro-digital-media.fr\/en\/?s={search_term_string}\"},\"query-input\":\"required name=search_term_string\"}],\"inLanguage\":\"en-US\"},{\"@type\":\"Person\",\"@id\":\"https:\/\/www.infopro-digital-media.fr\/en\/#\/schema\/person\/457a8cd6bba2117b4096ffe312b9879f\",\"name\":\"laramaffert\",\"url\":\"https:\/\/www.infopro-digital-media.fr\/en\/author\/laramaffert\/\"}]}<\/script>\n<!-- \/ Yoast SEO Premium plugin. -->","yoast_head_json":{"title":"Generating B2B leads through social media content - Expert Interview","description":"Maximize qualified lead generation on social networks: content type and format, targeting, CTAs... best practices.","robots":{"index":"index","follow":"follow","max-snippet":"max-snippet:-1","max-image-preview":"max-image-preview:large","max-video-preview":"max-video-preview:-1"},"canonical":"https:\/\/www.infopro-digital-media.fr\/en\/expert-interview-generating-b2b-leads-through-social-media-content-a-practical-guide\/","og_locale":"en_US","og_type":"article","og_title":"Expert Interview \u2013 How to Generate B2B Leads Through Social Media Content: A Practical Guide","og_description":"Maximize qualified lead generation on social networks: content type and format, targeting, CTAs... best practices.","og_url":"https:\/\/www.infopro-digital-media.fr\/en\/expert-interview-generating-b2b-leads-through-social-media-content-a-practical-guide\/","og_site_name":"Infopro Digital Media","article_publisher":"https:\/\/fr-fr.facebook.com\/infoprodigital\/","article_published_time":"2024-10-09T12:52:19+00:00","article_modified_time":"2024-10-18T12:39:07+00:00","og_image":[{"width":500,"height":500,"url":"https:\/\/www.infopro-digital-media.fr\/app\/uploads\/2024\/10\/mea_interview_jerome.png","type":"image\/png"}],"author":"laramaffert","twitter_card":"summary_large_image","schema":{"@context":"https:\/\/schema.org","@graph":[{"@type":"WebPage","@id":"https:\/\/www.infopro-digital-media.fr\/en\/expert-interview-generating-b2b-leads-through-social-media-content-a-practical-guide\/","url":"https:\/\/www.infopro-digital-media.fr\/en\/expert-interview-generating-b2b-leads-through-social-media-content-a-practical-guide\/","name":"Generating B2B leads through social media content - Expert Interview","isPartOf":{"@id":"https:\/\/www.infopro-digital-media.fr\/en\/#website"},"datePublished":"2024-10-09T12:52:19+00:00","dateModified":"2024-10-18T12:39:07+00:00","author":{"@id":"https:\/\/www.infopro-digital-media.fr\/en\/#\/schema\/person\/457a8cd6bba2117b4096ffe312b9879f"},"description":"Maximize qualified lead generation on social networks: content type and format, targeting, CTAs... best practices.","breadcrumb":{"@id":"https:\/\/www.infopro-digital-media.fr\/en\/expert-interview-generating-b2b-leads-through-social-media-content-a-practical-guide\/#breadcrumb"},"inLanguage":"en-US","potentialAction":[{"@type":"ReadAction","target":["https:\/\/www.infopro-digital-media.fr\/en\/expert-interview-generating-b2b-leads-through-social-media-content-a-practical-guide\/"]}]},{"@type":"BreadcrumbList","@id":"https:\/\/www.infopro-digital-media.fr\/en\/expert-interview-generating-b2b-leads-through-social-media-content-a-practical-guide\/#breadcrumb","itemListElement":[{"@type":"ListItem","position":1,"name":"Home","item":"https:\/\/www.infopro-digital-media.fr\/en\/"},{"@type":"ListItem","position":2,"name":"Expert Interview \u2013 How to Generate B2B Leads Through Social Media Content: A Practical Guide"}]},{"@type":"WebSite","@id":"https:\/\/www.infopro-digital-media.fr\/en\/#website","url":"https:\/\/www.infopro-digital-media.fr\/en\/","name":"Infopro Digital Media","description":"The leading French media brand to boost your image","potentialAction":[{"@type":"SearchAction","target":{"@type":"EntryPoint","urlTemplate":"https:\/\/www.infopro-digital-media.fr\/en\/?s={search_term_string}"},"query-input":"required name=search_term_string"}],"inLanguage":"en-US"},{"@type":"Person","@id":"https:\/\/www.infopro-digital-media.fr\/en\/#\/schema\/person\/457a8cd6bba2117b4096ffe312b9879f","name":"laramaffert","url":"https:\/\/www.infopro-digital-media.fr\/en\/author\/laramaffert\/"}]}},"_links":{"self":[{"href":"https:\/\/www.infopro-digital-media.fr\/en\/wp-json\/wp\/v2\/posts\/13332"}],"collection":[{"href":"https:\/\/www.infopro-digital-media.fr\/en\/wp-json\/wp\/v2\/posts"}],"about":[{"href":"https:\/\/www.infopro-digital-media.fr\/en\/wp-json\/wp\/v2\/types\/post"}],"author":[{"embeddable":true,"href":"https:\/\/www.infopro-digital-media.fr\/en\/wp-json\/wp\/v2\/users\/28"}],"replies":[{"embeddable":true,"href":"https:\/\/www.infopro-digital-media.fr\/en\/wp-json\/wp\/v2\/comments?post=13332"}],"version-history":[{"count":3,"href":"https:\/\/www.infopro-digital-media.fr\/en\/wp-json\/wp\/v2\/posts\/13332\/revisions"}],"predecessor-version":[{"id":13448,"href":"https:\/\/www.infopro-digital-media.fr\/en\/wp-json\/wp\/v2\/posts\/13332\/revisions\/13448"}],"wp:featuredmedia":[{"embeddable":true,"href":"https:\/\/www.infopro-digital-media.fr\/en\/wp-json\/wp\/v2\/media\/13291"}],"wp:attachment":[{"href":"https:\/\/www.infopro-digital-media.fr\/en\/wp-json\/wp\/v2\/media?parent=13332"}],"wp:term":[{"taxonomy":"category","embeddable":true,"href":"https:\/\/www.infopro-digital-media.fr\/en\/wp-json\/wp\/v2\/categories?post=13332"},{"taxonomy":"post_tag","embeddable":true,"href":"https:\/\/www.infopro-digital-media.fr\/en\/wp-json\/wp\/v2\/tags?post=13332"},{"taxonomy":"thematique","embeddable":true,"href":"https:\/\/www.infopro-digital-media.fr\/en\/wp-json\/wp\/v2\/thematique?post=13332"}],"curies":[{"name":"wp","href":"https:\/\/api.w.org\/{rel}","templated":true}]}}